{"id":1518,"date":"2022-11-22T13:28:40","date_gmt":"2022-11-22T12:28:40","guid":{"rendered":"https:\/\/www.zapatosotijane.es\/?p=1518"},"modified":"2022-11-22T13:28:40","modified_gmt":"2022-11-22T12:28:40","slug":"black-friday","status":"publish","type":"post","link":"https:\/\/www.zapatosotijane.es\/en\/black-friday\/","title":{"rendered":"Black Friday&#8230;"},"content":{"rendered":"<p class=\"p1\">El origen del Black Friday como jornada de compras tiene su origen en Estados Unidos.<span class=\"Apple-converted-space\">\u00a0<\/span><\/p>\n<p class=\"p1\">El viernes siguiente al d\u00eda de Acci\u00f3n de Gracias, los minoristas norteamericanos lanzaban importantes descuentos para incentivar las compras navide\u00f1as y de paso, quitarse de en medio stock sobrante de pasadas temporadas a precios tentadores.<\/p>\n<p class=\"p1\">El comerciante liberaba sus estanter\u00edas y el consumidor que no pod\u00eda permitirse determinado art\u00edculo a \u00abfull price\u00bb, ten\u00eda la posibilidad de comprarlo al 70%, siempre y cuando no le importara que dicho art\u00edculo no fuese el \u00faltimo modelo.<span class=\"Apple-converted-space\">\u00a0<\/span><\/p>\n<p class=\"p1\">Tantos empezaron a querer comprar al 70%,<span class=\"Apple-converted-space\">\u00a0 <\/span>que ese d\u00eda el ritmo y el tr\u00e1fico en las ciudades norteamericanas se tornaban ca\u00f3ticos. De ah\u00ed que la polic\u00eda de Filadelfia all\u00e1 por los a\u00f1os 50 definiera el famoso viernes post Acci\u00f3n de Gracias como <i>black<\/i>.<span class=\"Apple-converted-space\">\u00a0<\/span><\/p>\n<p class=\"p1\">D\u00e9cada y media despu\u00e9s, el New York Times se hizo eco del acontecimiento y recuper\u00f3 en sus titulares el t\u00e9rmino <i>black<\/i> para referirse precisamente al desordenado bullicio en que se ve\u00eda sumida la ciudad, debido a las hordas de gente que llegaban al olor de las ofertas del popular Friday. El d\u00eda qued\u00f3 bautizado oficialmente.<span class=\"Apple-converted-space\">\u00a0<\/span><\/p>\n<p class=\"p1\">Es curioso ver c\u00f3mo ya desde sus inicios, ha sido una jornada <i>black<\/i> para algunos, y gold o verde d\u00f3lar para otros.<span class=\"Apple-converted-space\">\u00a0<\/span><\/p>\n<p class=\"p1\">La tradici\u00f3n se mantuvo y el nombre tambi\u00e9n. Con los a\u00f1os se ha exportado al resto del mundo, aunque en muchos pa\u00edses ni si quiera celebremos -todav\u00eda- Acci\u00f3n de Gracias.<span class=\"Apple-converted-space\">\u00a0<\/span><\/p>\n<p class=\"p1\">Sin embargo, el contexto actual dista mucho del que era cuando surgi\u00f3 la iniciativa.<span class=\"Apple-converted-space\">\u00a0<\/span><\/p>\n<p class=\"p1\">En un mundo globalizado donde la posibilidad de compra y acceso a ofertas es constante y a un ritmo de 24\/7, no parece tener mucha cabida un d\u00eda que se promociona como el de ahora o nunca.<\/p>\n<p class=\"p1\">Si en origen parec\u00eda ser una estrategia <i>win-win <\/i>donde los comerciantes liberaban su almac\u00e9n del coste soportado por los enseres no vendidos,<span class=\"Apple-converted-space\">\u00a0 <\/span>y los bolsillos m\u00e1s ajustados encontraban la ocasi\u00f3n para hacerse con ciertos art\u00edculos, hoy por hoy el <i>win<\/i> se queda s\u00f3lo en una de las partes y el objetivo del d\u00eda no es otro que minimizar los costes de producci\u00f3n. El beneficio ya se gest\u00f3 meses atr\u00e1s al cerrar las \u00f3rdenes de compra.<span class=\"Apple-converted-space\">\u00a0<\/span><\/p>\n<p class=\"p1\">El tablero de juego ha cambiado y no son los minoristas los que dirigen la partida, sino los mayoristas y grandes fabricantes.<span class=\"Apple-converted-space\">\u00a0<\/span><\/p>\n<p class=\"p1\">La existencia de un d\u00eda donde se revientan los precios responde a una din\u00e1mica de sobreproducci\u00f3n para abaratar los costes. Al producir m\u00e1s cantidades el coste por unidad se reduce. Los m\u00e1rgenes de beneficio\/unidad se incrementan y aquellos art\u00edculos fabricados de m\u00e1s -por encima de lo que recomienda el hist\u00f3rico de ventas- se destinan a campa\u00f1as como el black friday, cybermonday o similares.<span class=\"Apple-converted-space\">\u00a0<\/span><\/p>\n<p class=\"p1\">Para minoristas, negocios locales, peque\u00f1as marcas y proyectos emprendedores que no compiten por precio sino por calidad y dise\u00f1o, este tipo de pr\u00e1cticas no les favorecen.<span class=\"Apple-converted-space\">\u00a0<\/span><\/p>\n<p class=\"p1\">\u00bfBeneficio para el consumidor? lo pongo en duda.<span class=\"Apple-converted-space\">\u00a0<\/span><\/p>\n<p class=\"p1\">No hay que ser un lince para darse cuenta que el precio ganga es el gancho para el art\u00edculo que mantiene su precio incluso en black friday. Que, \u00a1oh casualidad! es justo el que quieres.<span class=\"Apple-converted-space\">\u00a0 <\/span>Te venden la ilusi\u00f3n -y la compras- que <i>si haces click hoy<\/i> te llevas 2&#215;1. Tu objeto de deseo a PVP regular, y otro al 60%.<span class=\"Apple-converted-space\">\u00a0<\/span><\/p>\n<p class=\"p1\">\u00bfQue te parece? Has gastado presupuesto y medio m\u00e1s del que considerabas y tienes un chisme nuevo que no necesitas y que posiblemente no lo vas a usar. Eso s\u00ed, al 60%.<\/p>\n<p class=\"p1\">Comprar por el mero hecho de que es barato, no es un gran beneficio. <span class=\"Apple-converted-space\">\u00a0<\/span><\/p>\n<p class=\"p1\">Lamentamos ver la Gran V\u00eda de Madrid plagada de franquicias y nos da pena ver c\u00f3mo esa tiendita con encanto del barrio echa el cierre y cuelga el cartel \u201cliquidaci\u00f3n por cese de negocio\u201d pero al mismo tiempo las cifras revelan otra cosa. El gasto medio de los espa\u00f1oles en black friday de 2021 fue de 300\u20ac. \u00bfBolsillos ajustados o consumismo compulsivo?<\/p>\n<p class=\"p1\">Desde la plataforma Slow Fashion Next se ha lanzado la iniciativa \u201cyocomproyodecido\u201d como reclamo a un consumo m\u00e1s responsable. OtiJane participa en esta campa\u00f1a. T\u00fa tambi\u00e9n puedes participar sigui\u00e9ndonos en redes y compartiendo las publicaciones estos d\u00edas.<span class=\"Apple-converted-space\">\u00a0<\/span><\/p>\n<p class=\"p1\">Feliz semana y feliz pr\u00f3ximo viernes (sin black).<\/p>","protected":false},"excerpt":{"rendered":"<p>El origen del Black Friday como jornada de compras tiene su origen en Estados Unidos.\u00a0 El viernes siguiente al d\u00eda de Acci\u00f3n de Gracias, los minoristas<span class=\"excerpt-hellip\"> [\u2026]<\/span><\/p>\n","protected":false},"author":1,"featured_media":1519,"comment_status":"closed","ping_status":"closed","sticky":false,"template":"","format":"standard","meta":{"footnotes":""},"categories":[1],"tags":[],"class_list":["post-1518","post","type-post","status-publish","format-standard","has-post-thumbnail","hentry","category-varios-zapatos-ecologicos-mujer"],"yoast_head":"<!-- This site is optimized with the Yoast SEO plugin v27.5 - https:\/\/yoast.com\/product\/yoast-seo-wordpress\/ -->\n<title>Black Friday... - Zapatos veganos mujer<\/title>\n<meta name=\"robots\" content=\"noindex, follow\" \/>\n<meta property=\"og:locale\" content=\"en_GB\" \/>\n<meta property=\"og:type\" content=\"article\" \/>\n<meta property=\"og:title\" content=\"Black Friday... - Zapatos veganos mujer\" \/>\n<meta property=\"og:description\" content=\"El origen del Black Friday como jornada de compras tiene su origen en Estados Unidos.\u00a0 El viernes siguiente al d\u00eda de Acci\u00f3n de Gracias, los minoristas [\u2026]\" \/>\n<meta property=\"og:url\" content=\"https:\/\/www.zapatosotijane.es\/en\/black-friday\/\" \/>\n<meta property=\"og:site_name\" content=\"Zapatos veganos mujer\" \/>\n<meta property=\"article:published_time\" content=\"2022-11-22T12:28:40+00:00\" \/>\n<meta property=\"og:image\" content=\"https:\/\/www.zapatosotijane.es\/wp-content\/uploads\/2022\/11\/black-friday.jpeg\" \/>\n\t<meta property=\"og:image:width\" content=\"1200\" \/>\n\t<meta property=\"og:image:height\" content=\"800\" \/>\n\t<meta property=\"og:image:type\" content=\"image\/jpeg\" \/>\n<meta name=\"author\" content=\"Zapatos Ecol\u00f3gicos Mujer\" \/>\n<meta name=\"twitter:card\" content=\"summary_large_image\" \/>\n<meta name=\"twitter:label1\" content=\"Written by\" \/>\n\t<meta name=\"twitter:data1\" content=\"Zapatos Ecol\u00f3gicos Mujer\" \/>\n\t<meta name=\"twitter:label2\" content=\"Estimated reading time\" \/>\n\t<meta name=\"twitter:data2\" content=\"4 minutes\" \/>\n<script type=\"application\/ld+json\" class=\"yoast-schema-graph\">{\"@context\":\"https:\\\/\\\/schema.org\",\"@graph\":[{\"@type\":\"Article\",\"@id\":\"https:\\\/\\\/www.zapatosotijane.es\\\/black-friday\\\/#article\",\"isPartOf\":{\"@id\":\"https:\\\/\\\/www.zapatosotijane.es\\\/black-friday\\\/\"},\"author\":{\"name\":\"Zapatos Ecol\u00f3gicos Mujer\",\"@id\":\"https:\\\/\\\/www.zapatosotijane.es\\\/#\\\/schema\\\/person\\\/7db435090d55775ef23ac3b6b9b12d98\"},\"headline\":\"Black Friday&#8230;\",\"datePublished\":\"2022-11-22T12:28:40+00:00\",\"mainEntityOfPage\":{\"@id\":\"https:\\\/\\\/www.zapatosotijane.es\\\/black-friday\\\/\"},\"wordCount\":755,\"publisher\":{\"@id\":\"https:\\\/\\\/www.zapatosotijane.es\\\/#organization\"},\"image\":{\"@id\":\"https:\\\/\\\/www.zapatosotijane.es\\\/black-friday\\\/#primaryimage\"},\"thumbnailUrl\":\"https:\\\/\\\/www.zapatosotijane.es\\\/wp-content\\\/uploads\\\/2022\\\/11\\\/black-friday.jpeg\",\"articleSection\":[\"Varios Zapatos ecol\u00f3gicos Mujer\"],\"inLanguage\":\"en-GB\"},{\"@type\":\"WebPage\",\"@id\":\"https:\\\/\\\/www.zapatosotijane.es\\\/black-friday\\\/\",\"url\":\"https:\\\/\\\/www.zapatosotijane.es\\\/black-friday\\\/\",\"name\":\"Black Friday... - Zapatos veganos mujer\",\"isPartOf\":{\"@id\":\"https:\\\/\\\/www.zapatosotijane.es\\\/#website\"},\"primaryImageOfPage\":{\"@id\":\"https:\\\/\\\/www.zapatosotijane.es\\\/black-friday\\\/#primaryimage\"},\"image\":{\"@id\":\"https:\\\/\\\/www.zapatosotijane.es\\\/black-friday\\\/#primaryimage\"},\"thumbnailUrl\":\"https:\\\/\\\/www.zapatosotijane.es\\\/wp-content\\\/uploads\\\/2022\\\/11\\\/black-friday.jpeg\",\"datePublished\":\"2022-11-22T12:28:40+00:00\",\"breadcrumb\":{\"@id\":\"https:\\\/\\\/www.zapatosotijane.es\\\/black-friday\\\/#breadcrumb\"},\"inLanguage\":\"en-GB\",\"potentialAction\":[{\"@type\":\"ReadAction\",\"target\":[\"https:\\\/\\\/www.zapatosotijane.es\\\/black-friday\\\/\"]}]},{\"@type\":\"ImageObject\",\"inLanguage\":\"en-GB\",\"@id\":\"https:\\\/\\\/www.zapatosotijane.es\\\/black-friday\\\/#primaryimage\",\"url\":\"https:\\\/\\\/www.zapatosotijane.es\\\/wp-content\\\/uploads\\\/2022\\\/11\\\/black-friday.jpeg\",\"contentUrl\":\"https:\\\/\\\/www.zapatosotijane.es\\\/wp-content\\\/uploads\\\/2022\\\/11\\\/black-friday.jpeg\",\"width\":1200,\"height\":800,\"caption\":\"black friday\"},{\"@type\":\"BreadcrumbList\",\"@id\":\"https:\\\/\\\/www.zapatosotijane.es\\\/black-friday\\\/#breadcrumb\",\"itemListElement\":[{\"@type\":\"ListItem\",\"position\":1,\"name\":\"Portada\",\"item\":\"https:\\\/\\\/www.zapatosotijane.es\\\/\"},{\"@type\":\"ListItem\",\"position\":2,\"name\":\"Black Friday&#8230;\"}]},{\"@type\":\"WebSite\",\"@id\":\"https:\\\/\\\/www.zapatosotijane.es\\\/#website\",\"url\":\"https:\\\/\\\/www.zapatosotijane.es\\\/\",\"name\":\"Zapatos veganos mujer\",\"description\":\"Zapatos veganos de dise\u00f1o para mujer\",\"publisher\":{\"@id\":\"https:\\\/\\\/www.zapatosotijane.es\\\/#organization\"},\"potentialAction\":[{\"@type\":\"SearchAction\",\"target\":{\"@type\":\"EntryPoint\",\"urlTemplate\":\"https:\\\/\\\/www.zapatosotijane.es\\\/?s={search_term_string}\"},\"query-input\":{\"@type\":\"PropertyValueSpecification\",\"valueRequired\":true,\"valueName\":\"search_term_string\"}}],\"inLanguage\":\"en-GB\"},{\"@type\":\"Organization\",\"@id\":\"https:\\\/\\\/www.zapatosotijane.es\\\/#organization\",\"name\":\"Zapatos veganos mujer\",\"url\":\"https:\\\/\\\/www.zapatosotijane.es\\\/\",\"logo\":{\"@type\":\"ImageObject\",\"inLanguage\":\"en-GB\",\"@id\":\"https:\\\/\\\/www.zapatosotijane.es\\\/#\\\/schema\\\/logo\\\/image\\\/\",\"url\":\"https:\\\/\\\/www.zapatosotijane.es\\\/wp-content\\\/uploads\\\/2023\\\/12\\\/cropped-LOGO-Otijane.png\",\"contentUrl\":\"https:\\\/\\\/www.zapatosotijane.es\\\/wp-content\\\/uploads\\\/2023\\\/12\\\/cropped-LOGO-Otijane.png\",\"width\":697,\"height\":480,\"caption\":\"Zapatos veganos mujer\"},\"image\":{\"@id\":\"https:\\\/\\\/www.zapatosotijane.es\\\/#\\\/schema\\\/logo\\\/image\\\/\"}},{\"@type\":\"Person\",\"@id\":\"https:\\\/\\\/www.zapatosotijane.es\\\/#\\\/schema\\\/person\\\/7db435090d55775ef23ac3b6b9b12d98\",\"name\":\"Zapatos Ecol\u00f3gicos Mujer\",\"url\":\"https:\\\/\\\/www.zapatosotijane.es\\\/en\\\/author\\\/kanewprnga724ne\\\/\"}]}<\/script>\n<!-- \/ Yoast SEO plugin. -->","yoast_head_json":{"title":"Black Friday... - Zapatos veganos mujer","robots":{"index":"noindex","follow":"follow"},"og_locale":"en_GB","og_type":"article","og_title":"Black Friday... - Zapatos veganos mujer","og_description":"El origen del Black Friday como jornada de compras tiene su origen en Estados Unidos.\u00a0 El viernes siguiente al d\u00eda de Acci\u00f3n de Gracias, los minoristas [\u2026]","og_url":"https:\/\/www.zapatosotijane.es\/en\/black-friday\/","og_site_name":"Zapatos veganos mujer","article_published_time":"2022-11-22T12:28:40+00:00","og_image":[{"width":1200,"height":800,"url":"https:\/\/www.zapatosotijane.es\/wp-content\/uploads\/2022\/11\/black-friday.jpeg","type":"image\/jpeg"}],"author":"Zapatos Ecol\u00f3gicos Mujer","twitter_card":"summary_large_image","twitter_misc":{"Written by":"Zapatos Ecol\u00f3gicos Mujer","Estimated reading time":"4 minutes"},"schema":{"@context":"https:\/\/schema.org","@graph":[{"@type":"Article","@id":"https:\/\/www.zapatosotijane.es\/black-friday\/#article","isPartOf":{"@id":"https:\/\/www.zapatosotijane.es\/black-friday\/"},"author":{"name":"Zapatos Ecol\u00f3gicos Mujer","@id":"https:\/\/www.zapatosotijane.es\/#\/schema\/person\/7db435090d55775ef23ac3b6b9b12d98"},"headline":"Black Friday&#8230;","datePublished":"2022-11-22T12:28:40+00:00","mainEntityOfPage":{"@id":"https:\/\/www.zapatosotijane.es\/black-friday\/"},"wordCount":755,"publisher":{"@id":"https:\/\/www.zapatosotijane.es\/#organization"},"image":{"@id":"https:\/\/www.zapatosotijane.es\/black-friday\/#primaryimage"},"thumbnailUrl":"https:\/\/www.zapatosotijane.es\/wp-content\/uploads\/2022\/11\/black-friday.jpeg","articleSection":["Varios Zapatos ecol\u00f3gicos Mujer"],"inLanguage":"en-GB"},{"@type":"WebPage","@id":"https:\/\/www.zapatosotijane.es\/black-friday\/","url":"https:\/\/www.zapatosotijane.es\/black-friday\/","name":"Black Friday... - Zapatos veganos mujer","isPartOf":{"@id":"https:\/\/www.zapatosotijane.es\/#website"},"primaryImageOfPage":{"@id":"https:\/\/www.zapatosotijane.es\/black-friday\/#primaryimage"},"image":{"@id":"https:\/\/www.zapatosotijane.es\/black-friday\/#primaryimage"},"thumbnailUrl":"https:\/\/www.zapatosotijane.es\/wp-content\/uploads\/2022\/11\/black-friday.jpeg","datePublished":"2022-11-22T12:28:40+00:00","breadcrumb":{"@id":"https:\/\/www.zapatosotijane.es\/black-friday\/#breadcrumb"},"inLanguage":"en-GB","potentialAction":[{"@type":"ReadAction","target":["https:\/\/www.zapatosotijane.es\/black-friday\/"]}]},{"@type":"ImageObject","inLanguage":"en-GB","@id":"https:\/\/www.zapatosotijane.es\/black-friday\/#primaryimage","url":"https:\/\/www.zapatosotijane.es\/wp-content\/uploads\/2022\/11\/black-friday.jpeg","contentUrl":"https:\/\/www.zapatosotijane.es\/wp-content\/uploads\/2022\/11\/black-friday.jpeg","width":1200,"height":800,"caption":"black friday"},{"@type":"BreadcrumbList","@id":"https:\/\/www.zapatosotijane.es\/black-friday\/#breadcrumb","itemListElement":[{"@type":"ListItem","position":1,"name":"Portada","item":"https:\/\/www.zapatosotijane.es\/"},{"@type":"ListItem","position":2,"name":"Black Friday&#8230;"}]},{"@type":"WebSite","@id":"https:\/\/www.zapatosotijane.es\/#website","url":"https:\/\/www.zapatosotijane.es\/","name":"Zapatos veganos mujer","description":"Zapatos veganos de dise\u00f1o para mujer","publisher":{"@id":"https:\/\/www.zapatosotijane.es\/#organization"},"potentialAction":[{"@type":"SearchAction","target":{"@type":"EntryPoint","urlTemplate":"https:\/\/www.zapatosotijane.es\/?s={search_term_string}"},"query-input":{"@type":"PropertyValueSpecification","valueRequired":true,"valueName":"search_term_string"}}],"inLanguage":"en-GB"},{"@type":"Organization","@id":"https:\/\/www.zapatosotijane.es\/#organization","name":"Zapatos veganos mujer","url":"https:\/\/www.zapatosotijane.es\/","logo":{"@type":"ImageObject","inLanguage":"en-GB","@id":"https:\/\/www.zapatosotijane.es\/#\/schema\/logo\/image\/","url":"https:\/\/www.zapatosotijane.es\/wp-content\/uploads\/2023\/12\/cropped-LOGO-Otijane.png","contentUrl":"https:\/\/www.zapatosotijane.es\/wp-content\/uploads\/2023\/12\/cropped-LOGO-Otijane.png","width":697,"height":480,"caption":"Zapatos veganos mujer"},"image":{"@id":"https:\/\/www.zapatosotijane.es\/#\/schema\/logo\/image\/"}},{"@type":"Person","@id":"https:\/\/www.zapatosotijane.es\/#\/schema\/person\/7db435090d55775ef23ac3b6b9b12d98","name":"Zapatos Ecol\u00f3gicos Mujer","url":"https:\/\/www.zapatosotijane.es\/en\/author\/kanewprnga724ne\/"}]}},"_links":{"self":[{"href":"https:\/\/www.zapatosotijane.es\/en\/wp-json\/wp\/v2\/posts\/1518","targetHints":{"allow":["GET"]}}],"collection":[{"href":"https:\/\/www.zapatosotijane.es\/en\/wp-json\/wp\/v2\/posts"}],"about":[{"href":"https:\/\/www.zapatosotijane.es\/en\/wp-json\/wp\/v2\/types\/post"}],"author":[{"embeddable":true,"href":"https:\/\/www.zapatosotijane.es\/en\/wp-json\/wp\/v2\/users\/1"}],"replies":[{"embeddable":true,"href":"https:\/\/www.zapatosotijane.es\/en\/wp-json\/wp\/v2\/comments?post=1518"}],"version-history":[{"count":1,"href":"https:\/\/www.zapatosotijane.es\/en\/wp-json\/wp\/v2\/posts\/1518\/revisions"}],"predecessor-version":[{"id":1520,"href":"https:\/\/www.zapatosotijane.es\/en\/wp-json\/wp\/v2\/posts\/1518\/revisions\/1520"}],"wp:featuredmedia":[{"embeddable":true,"href":"https:\/\/www.zapatosotijane.es\/en\/wp-json\/wp\/v2\/media\/1519"}],"wp:attachment":[{"href":"https:\/\/www.zapatosotijane.es\/en\/wp-json\/wp\/v2\/media?parent=1518"}],"wp:term":[{"taxonomy":"category","embeddable":true,"href":"https:\/\/www.zapatosotijane.es\/en\/wp-json\/wp\/v2\/categories?post=1518"},{"taxonomy":"post_tag","embeddable":true,"href":"https:\/\/www.zapatosotijane.es\/en\/wp-json\/wp\/v2\/tags?post=1518"}],"curies":[{"name":"wp","href":"https:\/\/api.w.org\/{rel}","templated":true}]}}